{"id":48094,"date":"2026-04-03T00:32:18","date_gmt":"2026-04-03T00:32:18","guid":{"rendered":"https:\/\/megustamarket.com\/?p=48094"},"modified":"2026-04-03T00:32:21","modified_gmt":"2026-04-03T00:32:21","slug":"csatajellemzok-2024-es-sao-paulo-nagydij","status":"publish","type":"post","link":"https:\/\/megustamarket.com\/ar\/2026\/04\/03\/csatajellemzok-2024-es-sao-paulo-nagydij\/","title":{"rendered":"Csatajellemz\u0151k: 2024-es Sao Paulo Nagyd\u00edj"},"content":{"rendered":"<p>A Reddish Bull embereik is j\u00e1tszottak a r\u00e9gi\u00f3jukban, a p\u00e1lya sz\u00e9l\u00e9n tartott\u00e1k az akaratukat, \u00e9s nem k\u00e9nyszer\u00edtett\u00e9k Verstappent \u00faj, k\u00f6z\u00e9pkateg\u00f3ri\u00e1s gumikra, ha a csapad\u00e9k feler\u0151s\u00f6dne a verseny fel\u00e9n\u00e9l egy piros z\u00e1szl\u00f3 el\u0151tt. Az Alpine dupla dobog\u00f3s helyet szerzett, Esteban Ocon a m\u00e1sodik, Pierre Gasly pedig a harmadik helyen v\u00e9gzett. <!--more--> Az Alpine id\u00e9n nem tudta teljes\u00edteni a rajtr\u00e1cs h\u00e1ts\u00f3 sor\u00e1b\u00f3l indul\u00f3 versenyz\u0151k k\u00f6vetelm\u00e9nyeit, de 2013 \u00f3ta el\u0151sz\u00f6r szerezte meg a dupla dobog\u00f3s helyez\u00e9s\u00e9t, ha a Lotus nev\u0171 csapatot v\u00e1lasztj\u00e1k.<\/p>\n<h2 id=\"toc-0\">1. algoritmus: A brazil futamot \u00e1t\u00fctemezt\u00e9k, k\u00e9s\u0151bbre tolj\u00e1k a Tv k\u00f6r \u00e1talak\u00edt\u00e1s\u00e1t | pinnacle prom\u00f3ci\u00f3s k\u00f3dok<\/h2>\n<p>Az Egyes\u00fclt Kir\u00e1lys\u00e1gban a Sky Sporting fizet\u0151s t\u00e9v\u00e9csatorn\u00e1ja a teljes vas\u00e1rnapi versenyt, az FP1-t\u0151l a versenyz\u0151kig, h\u0171s\u00e9ges Air Activities F1 csatorn\u00e1j\u00e1ig k\u00f6zvet\u00edti. A h\u00e9tv\u00e9gi k\u00f6z\u00f6ns\u00e9gnek teh\u00e1t ott kell lennie az F1 \u00e9l\u00e9n \u00e1ll\u00f3 Lando Norrisnak, Charles Leclercnek, Lewis Hamiltonnak \u00e9s Max Verstappennek. Verstappen, aki jelenleg az F1-es tesztek \u00e9l\u00e9n \u00e1ll, a McLaren pil\u00f3t\u00e1j\u00e1t, Norrist vezeti a h\u00e9t 47 verseny\u00e9t megel\u0151z\u0151 esem\u00e9ny\u00e9n. Nagy-Britanni\u00e1ban az F1-es Brazil Nagyd\u00edjat a Heavens Activities F1 csatorn\u00e1n k\u00f6zvet\u00edtik, amely val\u00f3s idej\u0171 \u00e1ttekint\u00e9st ny\u00fajt az \u00f6sszes leck\u00e9r\u0151l \u00e9s szok\u00e1sr\u00f3l, az id\u0151m\u00e9r\u0151 edz\u00e9sr\u0151l \u00e9s mag\u00e1r\u00f3l a versenyr\u0151l.<\/p>\n<p>A Sky Sporting esem\u00e9nyek kiz\u00e1r\u00f3lagos jogokkal rendelkeznek az F1 \u00f6sszes \u00e9l\u0151 k\u00f6zvet\u00edt\u00e9s\u00e9re Nagy-Britanni\u00e1ban. A brazil nagyd\u00edj minden edz\u00e9se \u00e9l\u0151ben k\u00f6vethet\u0151, \u00e9s a Sky Sporting esem\u00e9nyek F1-\u00e9n folytat\u00f3dhat. Verstappen megfizette az \u00e1r\u00e1t az agressz\u00edv mexik\u00f3i versenyterv\u00e9\u00e9rt, 20 perces b\u00fcntet\u00e9st szerezve, miut\u00e1n Norrisszal megk\u00fczd\u00f6tt. Verstappen vezet\u00e9s\u00e9vel kapcsolatos v\u00e9lem\u00e9nyek k\u00f6lcs\u00f6n\u00f6sek voltak a k\u00e9s\u0151bbiekben, \u00e9s \u2013 ak\u00e1rcsak a 2021-es Lewis Hamiltonnal v\u00edvott p\u00e1rharcai eset\u00e9ben \u2013 ez a t\u00e9ma most az identit\u00e1sharcr\u00f3l sz\u00f3l\u00f3 besz\u00e9lget\u00e9sek k\u00f6z\u00e9ppontj\u00e1ban \u00e1ll.<\/p>\n<p><img decoding=\"async\" src=\"https:\/\/www.bethard.com\/static\/media\/bethard.a2b18dbe.png\" alt=\"pinnacle prom\u00f3ci\u00f3s k\u00f3dok\" border=\"1\" align=\"left\" ><\/p>\n<p>Ez egy nagyszer\u0171 versenyszerkezeti h\u00e9tv\u00e9ge, \u00edgy a kvalifik\u00e1ci\u00f3 p\u00e9nteken, egy egy\u00e9ni edz\u00e9s ut\u00e1n t\u00f6rt\u00e9nik. Az \u00faj vezet\u00e9si hangulat p\u00e9nteken, egy \u201ekisp\u00e1rbaj\u201d kvalifik\u00e1ci\u00f3ja ut\u00e1n \u00e9rkezik. Az F1 Complete Events Replays online \u00e9l\u0151 vide\u00f3it megtekintheti, \u00e9lvezve a FullRaces sz\u00f3rakoztat\u00f3 hangulat\u00e1t. \u00c9s egy versenynap ut\u00e1n, a kvalifik\u00e1ci\u00f3 \u00e9s a nagyd\u00edj ut\u00e1n itt az ideje, hogy felh\u00edvja a napot, \u00e9s val\u00f3s idej\u0171 k\u00e9pet kapjon a Brazil Nagyd\u00edjr\u00f3l. \u00d6sszefoglalhatja az \u00f6sszes esem\u00e9nyt az al\u00e1bbi nyilatkozattal, \u00e9s ezzel megk\u00f6sz\u00f6nj\u00fck a bizalm\u00e1t. Ha \u00d6n a motorsportok nagy rajong\u00f3ja, \u00e9s algoritmus-m\u0171sorokat mutat be, az ESPN lehet, hogy nem az \u00d6n sz\u00e1m\u00e1ra val\u00f3, mert ritk\u00e1n foglalkozik F2, F3 vagy Porsche Supercar versenyz\u00e9ssel.<\/p>\n<p>B\u00e1r nem, a k\u00e9s\u0151bbi bizony\u00edt\u00e9kok azt mutatt\u00e1k, hogy Fisichella a leg\u00fajabb sorban \u00e1llt be, hogy megel\u0151zze a versenyt egy nappal k\u00e9s\u0151bb. A legut\u00f3bbi, 1990-es verseny a r\u00f6vid\u00edtett Interlagoson zajlott, amely az\u00f3ta <a rel=\"nofollow\" href=\"https:\/\/fogadas-sport.com\/pinnacle\/\">pinnacle prom\u00f3ci\u00f3s k\u00f3dok<\/a> is \u00e9l. Prost egy \u00e9vvel ezel\u0151tt megszerezte 6. Brazil Nagyd\u00edj\u00e1t, p\u00e1lyafut\u00e1sa \u00faj 40. futam\u00e1t, b\u00e1r a gy\u0151zelem nem volt t\u00fal n\u00e9pszer\u0171 a helyi rajong\u00f3k k\u00f6r\u00e9ben, akik a kor\u00e1bbi Jap\u00e1n Nagyd\u00edjon Senn\u00e1val val\u00f3 \u00f6sszecsap\u00e1sukat v\u00e1rt\u00e1k. Senn\u00e1nak a harmadik helyen kellett be\u00e9rnie, miut\u00e1n el\u00fct\u00f6tte a jobb h\u00e1ts\u00f3 bokszol\u00f3t, Satoru Nakajim\u00e1t, annak ellen\u00e9re, hogy az \u00e9len v\u00e9gzett a versenyben.<\/p>\n<p>Mik\u00f6zben a csoport \u00e1lmos szemmel \u00e9rkezett meg az \u00faj interlagosi kar\u00e1mba vas\u00e1rnap hajnali 4-kor, \u00fagy \u00e9rezt\u00e9k, el\u00e9rkezett a d\u00f6nt\u0151 pillanat. Mivel felk\u00e9sz\u00fcltek a versenyre, zs\u00fafoltak voltak, n\u00e9gy s\u00e9r\u00fcl\u00e9ssel \u00e9s \u00f6t figyelmeztet\u0151 jelz\u00e9ssel, ami a legkor\u00e1bbi kvalifik\u00e1ci\u00f3s kateg\u00f3ri\u00e1ra utalt helyi id\u0151 szerint reggel 7:30-kor. Miel\u0151tt 2025-ben csatlakozott az Au-hoz, jelent\u0151s \u00f6sszegeket fektetett a FanAmp, egy motorsport startup \u00e9rt\u00e9kes\u00edt\u00e9s\u00e9be \u00e9s h\u00edrfejleszt\u00e9s\u00e9be, ahol az \u00e9rt\u00e9kes\u00edt\u00e9s\u00e9rt felel\u0151s. Sz\u00e1mos kurzuson vett r\u00e9szt, t\u00f6bbek k\u00f6z\u00f6tt a Forma-1-ben, az IndyCarban, az IMSA-ban \u00e9s m\u00e9g sok m\u00e1sban&#8230; Kaitlin a Massachusetts Institute of Technology-n szerzett kiv\u00e1l\u00f3 diplom\u00e1t \u00fczleti\/\u00e9rt\u00e9kes\u00edt\u00e9si \u00e9s politikatudom\u00e1nyi szakon.<\/p>\n<h2 id=\"toc-1\">Felejtsd el az ellent\u00e9tes rajtr\u00e1csokat: az F1-es futam Braz\u00edli\u00e1ban \u00e9rte el a cs\u00facspontj\u00e1t<\/h2>\n<p>Hamilton \u00e9s Vettel is v\u00e9g\u00fcl meg tudta el\u0151zni Timo Glockot, aki k\u00f6zvetlen\u00fcl el\u0151tte haladt, \u00edgy Hamilton ezt az utols\u00f3 szakaszon eg\u00e9szen az utols\u00f3 sz\u00f6gig megtette. Teh\u00e1t ez azt jelentette, hogy m\u00e9g akkor is, ha Massa \u00faj p\u00e1ly\u00e1ra l\u00e9pett, hogy megnyerje az \u00faj versenyt a Ferrarival, az \u00faj verseny Hamiltont az \u00f6t\u00f6dik helyez\u00e9s\u00e9nek k\u00f6sz\u00f6nhet\u0151en \u00e9rte el. Carlos Reutemann az els\u0151 braz\u00edliai csat\u00e1t v\u00edvta, egy nem c\u00edm\u00e9rt foly\u00f3 k\u00eds\u00e9rletet, hogy megszerezze a Brabhamet 1972-ben, majd a Brazil Nagyd\u00edjon r\u00e9szt vegyen az \u00faj F1 ipar\u00e1gi bajnoks\u00e1gban a k\u00f6vetkez\u0151 \u00e9vt\u0151l. A helyi rajong\u00f3kat a helyi h\u0151s h\u00edvta meg, hogy nyerjenek, m\u00edg a Sao Paul\u00f3-i \u00e9s c\u00edmv\u00e9d\u0151 vil\u00e1gbajnok Emerson Fittipaldi nyerte az \u00faj versenyt. A verseny fel\u00e9n\u00e9l, ahol Norris \u00e9s Russell egy nagy rendszerhiba miatt t\u00fal kor\u00e1n hajtott be a boxba, Verstappen m\u00e1r csak a m\u00e1sodik helyen \u00e1ll. A sr\u00e1c egy piros z\u00e1szl\u00f3b\u00f3l h\u00fazott, \u00e9s a gumikat is kicser\u00e9lhette ahelyett, hogy poz\u00edci\u00f3t vesz\u00edtett volna.<\/p>\n<h2 id=\"toc-2\">Grand Prix Belle k\u00f6rny\u00e9ke: Leny\u0171g\u00f6z\u0151 versenyl\u00e9p\u00e9sek, \u00e9s \u00e9rezheted magad<\/h2>\n<p><img decoding=\"async\" src=\"https:\/\/www.tipbet.com\/static\/ibox\/i\/3378.png\" alt=\"pinnacle prom\u00f3ci\u00f3s k\u00f3dok\" align=\"right\" border=\"1\" ><\/p>\n<p>Egy defektes gumi miatt teljesen kics\u00faszott, \u00e9s visszaesett a 19. helyre, de v\u00e9g\u00fcl siker\u00fclt felk\u00fczdenie mag\u00e1t a szakm\u00e1b\u00f3l, \u00e9s az utols\u00f3 helyen v\u00e9gzett. Sajnos a n\u00e9met sz\u00e1m\u00e1ra a leg\u00fajabb teljes\u00edtm\u00e9nye nem volt el\u00e9g a 8. c\u00edm\u00fck megszerz\u00e9s\u00e9hez, \u00e9s Alonso bebiztos\u00edtotta k\u00f6vetkez\u0151 c\u00edm\u00e9t azon a futamon, amelyet Felipe Massa v\u00e9gig vezetett. Fernando Alonso a 2005-\u00f6s Brazil Nagyd\u00edjon vil\u00e1gbajnok lett, miut\u00e1n harmadik helye Montoya m\u00f6g\u00f6tt \u00e9rt c\u00e9lba, \u00e9s R\u00e4ikk\u00f6nen is el\u00e9g lesz ahhoz, hogy k\u00e9t futammal a v\u00e9ge el\u0151tt bebiztos\u00edtsa az \u00faj nevet. 2006-ban az \u00faj futam volt a szezon utols\u00f3 \u00e9lm\u00e9nye, \u00e9s tov\u00e1bbra is nagyszer\u0171 l\u00e1tni Schumachert \u2013 aki az utols\u00f3 ellenfele a Ferrari\u00e9rt \u2013, aki mesterkurzust ny\u00fajtott.<\/p>\n<p>Val\u00f3j\u00e1ban Norris legkor\u00e1bbi eredm\u00e9nye az augusztusi d\u00edj\u00e1tad\u00e1s volt, ami azt is jelentette, hogy megel\u0151zte csapatt\u00e1rs\u00e1t egy nagyszer\u0171, egyed\u00fcl\u00e1ll\u00f3 ter\u00fcleten. Interlagos ism\u00e9t egy nagyszer\u0171 versenyh\u00e9tv\u00e9g\u00e9t rendez, a 2025-\u00f6s \u00e9v leg\u00fajabb, el\u0151tti h\u00e9tv\u00e9g\u00e9j\u00e9t. Az ilyen k\u00fcl\u00f6nleges utaz\u00e1sok biztos\u00edtj\u00e1k, hogy a nagy esem\u00e9nyre \u00e9rkez\u0151 rajong\u00f3k versenyszer\u0171 \u00e9nekleck\u00e9ket kapjanak, \u00e9s hogy a legut\u00f3bbi verseny vas\u00e1rnapj\u00e1n, a t\u00e9v\u00e9ben is l\u00e1thass\u00e1k \u0151ket. A n\u00e9z\u0151k izgalm\u00e1nak fokoz\u00e1sa \u00e9rdek\u00e9ben \u00e9l\u0151 zene \u00e9s el\u0151ad\u00e1sok lesznek a h\u00e9tv\u00e9g\u00e9n, hogy el\u0151sz\u00f6r indulhassanak a Brazil Nagyd\u00edjon. Szombaton Jorge Aragao, a h\u00edres szamba\u00e9nekes l\u00e9p sz\u00ednpadra.<\/p>\n<p>Oliver Bearman k\u00e9s\u0151bb, Kevin Magnussen betegs\u00e9ge miatti kies\u00e9se ut\u00e1n csatlakozott a Haas csapat\u00e1hoz, hogy a brit versenyz\u0151 az eg\u00e9sz versenyh\u00e9tv\u00e9g\u00e9t Braz\u00edli\u00e1ban t\u00f6lthesse, miut\u00e1n a tizedik helyen kvalifik\u00e1lta mag\u00e1t a gyorsas\u00e1gi futamon. Az \u00faj ausztr\u00e1l versenyz\u0151 utols\u00f3 k\u00f6r\u00e9ben, a gyorsas\u00e1gi futamon 0,029 m\u00e1sodperccel megel\u0151zte csapatt\u00e1rs\u00e1t, akivel a Ferrari pil\u00f3t\u00e1ja, Charles Leclerc a harmadik helyen v\u00e9gzett, k\u00f6zvetlen\u00fcl a Formula\u20131-es ipar\u00e1gi bajnoks\u00e1g \u00e9l\u00e9n \u00e1ll\u00f3 Maxim Verstappen el\u0151tt. Russell, aki a verseny els\u0151 30 k\u00f6r\u00e9t vezette, a k\u00f6vetkez\u0151 szettben Gasly m\u00f6g\u00f6tt, Leclerc el\u0151tt az \u00f6t\u00f6dik helyen \u00e9rt c\u00e9lba. Norrisnak a 6. helyen kellett befutnia csapatt\u00e1rsa, Piastri el\u0151tt, akit nagy tizedikes b\u00fcntet\u00e9sk\u00e9nt b\u00fcntettek, mert kor\u00e1bban Liam Lawsonnal \u00fctk\u00f6z\u00f6tt a versenyben, \u00edgy a 7. helyr\u0151l a 8. helyre cs\u00faszott vissza Tsunoda m\u00f6g\u00f6tt. A h\u00e1tral\u00e9v\u0151 k\u00f6r\u00f6kben Verstappen egy \u00fajabb leggyorsabb k\u00f6rt futott \u2013 \u00fcgyelve arra, hogy megv\u00e9dje a b\u00f3nuszpontot renderel\u00e9skor \u2013, \u00e9s a m\u00e1sodik helyen mind\u00f6ssze 19 m\u00e1sodperccel Ocon el\u0151tt n\u00f6velte az el\u0151ny\u00e9t. Norris ugyanakkor a 6. helyre j\u00f6tt fel, de m\u00e9g mindig 18 fontos pontot vesz\u00edtett Verstappent\u0151l a kock\u00e1s z\u00e1szl\u00f3n\u00e1l.<\/p>\n<p><img decoding=\"async\" src=\"https:\/\/calvinayre.com\/wp-content\/uploads\/2014\/12\/sports-betting-in-social-gambling.jpg\" alt=\"pinnacle prom\u00f3ci\u00f3s k\u00f3dok\"  align=\"right\" border=\"0\"><\/p>\n<p>Ek\u00f6zben Norris egy vitatott d\u00f6nt\u00e9s ut\u00e1n azonnal a hatodik helyen \u00e9rt c\u00e9lba, miut\u00e1n az es\u0151 fokoz\u00f3dott, amit s\u00falyosb\u00edtott a k\u00e9s\u0151bbi \u00fajraind\u00edt\u00e1sok sor\u00e1n elk\u00f6vetett n\u00e9h\u00e1ny k\u00f6lts\u00e9ges hiba. Verstappen k\u00f6zvetlen vezet\u00e9se ma 62 hib\u00e1ra n\u0151tt az \u00e9v sor\u00e1n k\u00f6r\u00fclbel\u00fcl h\u00e1rom futam alatt. A keddi versenyben Oscar Piastri \u00fcdv\u00f6z\u00f6lte n\u00e9vrokon csapatt\u00e1rs\u00e1t, Lando Norrist, hogy megel\u0151zze \u0151t a Dash gy\u0151zelm\u00e9ben, ezzel \u00e9rt\u00e9kes tov\u00e1bbi szerepet biztos\u00edtva Norrisnak a c\u00edm\u00e9rt folytatott k\u00fczdelemben Maxim Verstappen ellen.<\/p>\n<p>A n\u00e9z\u0151k az ESPN-en k\u00f6vethetik az esem\u00e9nyeket, az ausztr\u00e1l l\u00e1togat\u00f3k pedig a Kayo Sporting esem\u00e9nyeket k\u00f6vethetik. Az \u00faj F1 Tv Specialist szoftver a h\u00e9tv\u00e9gi F1-es esem\u00e9nyek minden egyes \u00f3r\u00e1j\u00e1t el\u00e9rhet\u0151v\u00e9 teszi a vil\u00e1g sz\u00e1mos orsz\u00e1ga sz\u00e1m\u00e1ra. A Mercedes eset\u00e9ben a leg\u00fajabb fejleszt\u00e9seik teljesen felkavart\u00e1k az \u00faj W15-\u00f6st, ami miatt George Russell lefagyott a h\u00e9tf\u0151i mexik\u00f3i versenyen kevesebb mint egy h\u00e9t alatt.<\/p>","protected":false},"excerpt":{"rendered":"<p>A Reddish Bull embereik is j\u00e1tszottak a r\u00e9gi\u00f3jukban, a p\u00e1lya sz\u00e9l\u00e9n tartott\u00e1k az akaratukat, \u00e9s nem k\u00e9nyszer\u00edtett\u00e9k Verstappent \u00faj, k\u00f6z\u00e9pkateg\u00f3ri\u00e1s<\/p>","protected":false},"author":1,"featured_media":0,"comment_status":"closed","ping_status":"open","sticky":false,"template":"","format":"standard","meta":{"pagelayer_contact_templates":[],"_pagelayer_content":"","footnotes":""},"categories":[1],"tags":[],"class_list":["post-48094","post","type-post","status-publish","format-standard","hentry","category-uncategorized"],"_links":{"self":[{"href":"https:\/\/megustamarket.com\/ar\/wp-json\/wp\/v2\/posts\/48094","targetHints":{"allow":["GET"]}}],"collection":[{"href":"https:\/\/megustamarket.com\/ar\/wp-json\/wp\/v2\/posts"}],"about":[{"href":"https:\/\/megustamarket.com\/ar\/wp-json\/wp\/v2\/types\/post"}],"author":[{"embeddable":true,"href":"https:\/\/megustamarket.com\/ar\/wp-json\/wp\/v2\/users\/1"}],"replies":[{"embeddable":true,"href":"https:\/\/megustamarket.com\/ar\/wp-json\/wp\/v2\/comments?post=48094"}],"version-history":[{"count":1,"href":"https:\/\/megustamarket.com\/ar\/wp-json\/wp\/v2\/posts\/48094\/revisions"}],"predecessor-version":[{"id":48095,"href":"https:\/\/megustamarket.com\/ar\/wp-json\/wp\/v2\/posts\/48094\/revisions\/48095"}],"wp:attachment":[{"href":"https:\/\/megustamarket.com\/ar\/wp-json\/wp\/v2\/media?parent=48094"}],"wp:term":[{"taxonomy":"category","embeddable":true,"href":"https:\/\/megustamarket.com\/ar\/wp-json\/wp\/v2\/categories?post=48094"},{"taxonomy":"post_tag","embeddable":true,"href":"https:\/\/megustamarket.com\/ar\/wp-json\/wp\/v2\/tags?post=48094"}],"curies":[{"name":"wp","href":"https:\/\/api.w.org\/{rel}","templated":true}]}}